{"id":6463,"date":"2023-05-11T16:24:08","date_gmt":"2023-05-11T16:24:08","guid":{"rendered":"https:\/\/esc.org.uk\/?p=6463"},"modified":"2023-05-11T16:24:08","modified_gmt":"2023-05-11T16:24:08","slug":"father-mugica-has-to-serve-as-an-example-for-all-of-us","status":"publish","type":"post","link":"https:\/\/esc.org.uk\/?p=6463","title":{"rendered":"&quot;Father Mugica has to serve as an example for all of us&quot;"},"content":{"rendered":"<p> <img decoding=\"async\" src=\"https:\/\/esc.org.uk\/wp-content\/uploads\/2023\/05\/quotFather-Mugica-has-to-serve-as-an-example-for-all.jpg\" class=\" lazy \" width=\"100%\" height=\"100%\" alt=\"They remember the figure of Carlos Mugica 49 years after his murder Foto Prensa\"\/>  They remember the figure of Carlos Mugica 49 years after his murder.  Photo: Press <br \/> With a meeting in the San Mart\u00edn de Porres parish in the Buenos Aires town of Moreno, they began on Wednesday night <strong>the acts in memory of the figure of the priest Carlos Mugica<\/strong>committed to the option for the poor and popular struggles, which <strong>was assassinated 49 years ago by the Triple A vigilante organization<\/strong> commanded by the then Minister of Social Welfare, Jos\u00e9 L\u00f3pez Rega.<\/p>\n<p><strong>of the meeting,<\/strong> <strong>called the 2nd Father Carlos Mugica Conference, which sought to reflect on the life, work and current legacy of the village priest<\/strong>Father Jos\u00e9 Mar\u00eda &#8216;Pepe&#8217; Di Paola participated;  the Minister of Development of the Community of Buenos Aires, Andr\u00e9s Larroque;  the general secretary of Encuentro Peronista, Federico Berardi;  the mayor of Moreno, Mariel Fern\u00e1ndez and the parish priest of San Martin de Porres, Leonardo Silio.<\/p>\n<p>\u201cMeeting Mugica has to be a challenge that we all have to have.  The challenge that we have these meetings serve to remember and it is essential because it is in these moments where we have to put relevance on people like Mugica and that this great man and great patriot serves as an example for all of us &#8220;. <strong>expressed Father Pepe, one of the speakers at the meeting.<\/strong><\/p>\n<p><img decoding=\"async\" src=\"https:\/\/esc.org.uk\/wp-content\/uploads\/2023\/05\/1683822247_858_quotFather-Mugica-has-to-serve-as-an-example-for-all.jpg\" class=\" lazy \" width=\"100%\" height=\"100%\" alt=\"Padre Pepe one of the speakers at the meeting Photo Press\"\/>  Padre Pepe, one of the speakers at the meeting.  Photo: Press <br \/>And he added: \u201cHis figure inspired many political leaders who make politics committed to their people.  We have to transmit her inspiration everywhere, in schools, universities and mainly through the neighborhoods\u201d.<\/p>\n<p>For his part, <strong>Larroque recounted in the first person:<\/strong> \u201cI had to meet Mugica through the militancy in the popular neighborhoods with his compa\u00f1eros and compa\u00f1eras from the Villero Peronista Movement.  Mugica allowed us to reach Peronism in difficult times in the 90s. We found in her figure the possibility of building ourselves as Peronists from the neighborhood and of a spirit that remained permanent in the hearts of her companions and companions.<\/p>\n<p>&#8220;Mugica is much closer than we think and is still valid in a lot of priests, like Pepe and many others,&#8221; concluded the Buenos Aires minister.<\/p>\n<p><img decoding=\"async\" src=\"https:\/\/esc.org.uk\/wp-content\/uploads\/2023\/05\/1683822247_156_quotFather-Mugica-has-to-serve-as-an-example-for-all.jpg\" class=\" lazy \" width=\"100%\" height=\"100%\" alt=\"Andrs Larroque also participated in the Foto Prensa meeting\"\/>  Andr\u00e9s Larroque also participated in the meeting.  Photo: Press <br \/><strong>Berardis<\/strong>Mugica &#8220;lived with commitment, embraced the cause of the poor and of liberation. For us Peronists, who from politics embrace that cause, faith is necessary at the time of political action, of militancy. Faith helps us it leads to the permanent and the communal.\u201d<\/p>\n<p><strong>The communal chief Fern\u00e1ndez also highlighted Mugica&#8217;s commitment &#8220;for the most humble and how he became a Peronist for the people of the neighborhoods&#8221; <\/strong>and considered that political commitment &#8220;has to transform us into better people because it is an act of service.&#8221;<\/p>\n<p>Within the framework of the day, <strong>Solidarity activities were also carried out in clubs in the Province of Buenos Aires.<\/strong><\/p>\n<p>Finally, a work by the plastic artist Alejandro Marmo, who represented Father Mugica, was inaugurated.<\/p>\n<blockquote class=\"\"><p>&#8220;Mugica is much closer than we think and is still valid in a lot of priests, like Pepe and many others&#8221; Andr\u00e9s Larroque<\/p><\/blockquote>\n<p>  The Carlos Mugica conferences take place in October and May, months in which his birth and martyrdom are commemorated respectively;  and their objective is to specify community actions and the elaboration of documents of collective thought, the organizers explained.<\/p>\n<p>On the other hand, <strong>The Team of Priests who work in the Villas of the popular neighborhoods of the City of Buenos Aires and in the suburbs will begin this Thursday a series of commemorations<\/strong> which will last until May 11, 2024, when half a century of this crime will be fulfilled.<\/p>\n<p>&#8220;The priests of the villas want to make from May 11, 2023 and until May 11, 2024 a layout in which we prepare for an evocation that is for the entire Church, for all the people of God&#8221;, <strong>Father Ignacio &#8220;Nacho&#8221; Bagattini pointed out to T\u00e9lam<\/strong>parish priest of the Father Carlos Mugica parish, located in Villa 31, where the priest exercised his ministry.<\/p>\n<p><img decoding=\"async\" src=\"https:\/\/esc.org.uk\/wp-content\/uploads\/2023\/05\/1683822248_130_quotFather-Mugica-has-to-serve-as-an-example-for-all.jpg\" class=\" lazy \" width=\"100%\" height=\"100%\" alt=\"The meeting was called 2 Father Day Carlos Mugica Press Photo\"\/>  The meeting was called the 2nd Father Carlos Mugica Conference.  Photo: Press <\/p>\n<h2 class=\"\">The schedule of events<\/h2>\n<p><strong>The celebrations will begin this Thursday in the parishes of Cristo Obrero and San Francisco Solano<\/strong>in which Mugica gave mass and granted the sacraments of the Church.<\/p>\n<p>At 11,<strong> The activities will begin with the inauguration of a hermitage in the Play\u00f3n of the Mugica neighborhood, in Retiro.<\/strong><\/p>\n<p>At 18 there will be a mass <strong>in the Cristo Obrero parish of the 31st neighborhood of Retiro<\/strong>where his remains rest, and there will also be a torchlight march from Juan Salaberry Square (in Alberdi y Pilar, Mataderos) to the San Francisco Solano Parish, in the town of Villa Luro.<\/p>\n<p>At 8:00 p.m., in that parish, located at Zelada 4771, where Mugica was assassinated 49 years ago, a mass will be celebrated.<\/p>\n<p>While, <strong>on Sunday there will be a mass and a popular festival in the parish of Cristo Obrero between 10 and 16.30 to &#8220;start the path towards 50 years&#8221;.<\/strong> <\/p>\n","protected":false},"excerpt":{"rendered":"<p>They remember the figure of Carlos Mugica 49 years after his murder. Photo: Press With a meeting in the San Mart\u00edn de Porres parish in the Buenos Aires town of Moreno, they began on Wednesday night the acts in memory of the figure of the priest Carlos Mugicacommitted to the option for the poor and<\/p>\n","protected":false},"author":1,"featured_media":6464,"comment_status":"open","ping_status":"open","sticky":false,"template":"","format":"standard","meta":{"footnotes":""},"categories":[50],"tags":[],"class_list":{"0":"post-6463","1":"post","2":"type-post","3":"status-publish","4":"format-standard","5":"has-post-thumbnail","7":"category-news"},"_links":{"self":[{"href":"https:\/\/esc.org.uk\/index.php?rest_route=\/wp\/v2\/posts\/6463","targetHints":{"allow":["GET"]}}],"collection":[{"href":"https:\/\/esc.org.uk\/index.php?rest_route=\/wp\/v2\/posts"}],"about":[{"href":"https:\/\/esc.org.uk\/index.php?rest_route=\/wp\/v2\/types\/post"}],"author":[{"embeddable":true,"href":"https:\/\/esc.org.uk\/index.php?rest_route=\/wp\/v2\/users\/1"}],"replies":[{"embeddable":true,"href":"https:\/\/esc.org.uk\/index.php?rest_route=%2Fwp%2Fv2%2Fcomments&post=6463"}],"version-history":[{"count":0,"href":"https:\/\/esc.org.uk\/index.php?rest_route=\/wp\/v2\/posts\/6463\/revisions"}],"wp:featuredmedia":[{"embeddable":true,"href":"https:\/\/esc.org.uk\/index.php?rest_route=\/wp\/v2\/media\/6464"}],"wp:attachment":[{"href":"https:\/\/esc.org.uk\/index.php?rest_route=%2Fwp%2Fv2%2Fmedia&parent=6463"}],"wp:term":[{"taxonomy":"category","embeddable":true,"href":"https:\/\/esc.org.uk\/index.php?rest_route=%2Fwp%2Fv2%2Fcategories&post=6463"},{"taxonomy":"post_tag","embeddable":true,"href":"https:\/\/esc.org.uk\/index.php?rest_route=%2Fwp%2Fv2%2Ftags&post=6463"}],"curies":[{"name":"wp","href":"https:\/\/api.w.org\/{rel}","templated":true}]}}