{"id":6309,"date":"2023-04-04T14:54:58","date_gmt":"2023-04-04T14:54:58","guid":{"rendered":"https:\/\/esc.org.uk\/?p=6309"},"modified":"2023-04-04T14:54:58","modified_gmt":"2023-04-04T14:54:58","slug":"buenos-aires-health-workers-and-ate-maintain-the-general-strike","status":"publish","type":"post","link":"https:\/\/esc.org.uk\/?p=6309","title":{"rendered":"Buenos Aires health workers and ATE maintain the general strike"},"content":{"rendered":"<p> <img decoding=\"async\" src=\"https:\/\/esc.org.uk\/wp-content\/uploads\/2023\/04\/Buenos-Aires-health-workers-and-ATE-maintain-the-general-strike.jpg\" class=\" lazy \" width=\"100%\" height=\"100%\" alt=\"Photo Victoria Gesualdi\"\/>  Photo: Victoria Gesualdi. <br \/><strong>The health workers of the City of Buenos (Caba) grouped in ATE, will develop a new mobilization and concentration on Wednesday in the Obelisk of Buenos Aires<\/strong>within the framework of a general strike of activities for 72 hours, &#8220;in rejection of discrimination against nursing workers&#8221;, in recognition of the professional career and an increase in wages for workers in the sector.<\/p>\n<p>&#8220;We are complying with a 72-hour strike with mobilizations in all Buenos Aires health centers (Cesacs) demanding that the entire amount of the collection of social works be paid, where only nursing workers are discriminated against,&#8221; he told T\u00e9lam H\u00e9ctor Ortiz, union leader of ATE-Salud in the Durand and Pedro de Elizalde hospitals, formerly Casa Cuna.<\/p>\n<p>In that framework, <strong>health workers grouped in ATE, will gather on Wednesday morning at the Obelisk of Buenos Aires<\/strong> and later they will move to the office of the Minister of Health of the City of Buenos Aires, located at Bol\u00edvar 1, where they will claim to be received by the head of the portfolio, Fern\u00e1n Quir\u00f3z.<\/p>\n<p>Likewise, Ortiz completed: &#8220;During these three days of the fight plan, which will culminate on Wednesday in a mobilization, also demand a salary readjustment, which is tremendously overdue and, as always, a recognition of the professional career&#8221; for nursing workers.<\/p>\n<p><strong>&#8220;In this framework also -added the leader of ATE- this Wednesday will be with mobilization<\/strong>maintaining the stoppage of activities, and reaching the office of the Minister (of Health) Fern\u00e1n Quir\u00f3z, where we are going to shout enough of institutional violence and labor discrimination for health workers&#8221;.<\/p>\n<p>Finally, the ATE union leader warned: <strong>&#8220;If tomorrow (Wednesday) we do not have answers to our claims, the force measures will be deepened in the next few days,<\/strong> to see if once this Head of Government and this Minister of Health of the City of Buenos Aires understand that labor mistreatment and labor discrimination cannot occur in the City or in any part of the country&#8221;. <\/p>\n","protected":false},"excerpt":{"rendered":"<p>Photo: Victoria Gesualdi. The health workers of the City of Buenos (Caba) grouped in ATE, will develop a new mobilization and concentration on Wednesday in the Obelisk of Buenos Aireswithin the framework of a general strike of activities for 72 hours, &#8220;in rejection of discrimination against nursing workers&#8221;, in recognition of the professional career and<\/p>\n","protected":false},"author":1,"featured_media":6310,"comment_status":"open","ping_status":"open","sticky":false,"template":"","format":"standard","meta":{"footnotes":""},"categories":[50],"tags":[],"class_list":{"0":"post-6309","1":"post","2":"type-post","3":"status-publish","4":"format-standard","5":"has-post-thumbnail","7":"category-news"},"_links":{"self":[{"href":"https:\/\/esc.org.uk\/index.php?rest_route=\/wp\/v2\/posts\/6309","targetHints":{"allow":["GET"]}}],"collection":[{"href":"https:\/\/esc.org.uk\/index.php?rest_route=\/wp\/v2\/posts"}],"about":[{"href":"https:\/\/esc.org.uk\/index.php?rest_route=\/wp\/v2\/types\/post"}],"author":[{"embeddable":true,"href":"https:\/\/esc.org.uk\/index.php?rest_route=\/wp\/v2\/users\/1"}],"replies":[{"embeddable":true,"href":"https:\/\/esc.org.uk\/index.php?rest_route=%2Fwp%2Fv2%2Fcomments&post=6309"}],"version-history":[{"count":0,"href":"https:\/\/esc.org.uk\/index.php?rest_route=\/wp\/v2\/posts\/6309\/revisions"}],"wp:featuredmedia":[{"embeddable":true,"href":"https:\/\/esc.org.uk\/index.php?rest_route=\/wp\/v2\/media\/6310"}],"wp:attachment":[{"href":"https:\/\/esc.org.uk\/index.php?rest_route=%2Fwp%2Fv2%2Fmedia&parent=6309"}],"wp:term":[{"taxonomy":"category","embeddable":true,"href":"https:\/\/esc.org.uk\/index.php?rest_route=%2Fwp%2Fv2%2Fcategories&post=6309"},{"taxonomy":"post_tag","embeddable":true,"href":"https:\/\/esc.org.uk\/index.php?rest_route=%2Fwp%2Fv2%2Ftags&post=6309"}],"curies":[{"name":"wp","href":"https:\/\/api.w.org\/{rel}","templated":true}]}}