{"id":5527,"date":"2022-10-11T16:49:32","date_gmt":"2022-10-11T16:49:32","guid":{"rendered":"https:\/\/esc.org.uk\/?p=5527"},"modified":"2022-10-11T16:49:32","modified_gmt":"2022-10-11T16:49:32","slug":"the-president-arrived-in-neuquen-to-inaugurate-a-hospital-and-tour-road-works","status":"publish","type":"post","link":"https:\/\/esc.org.uk\/?p=5527","title":{"rendered":"The President arrived in Neuqu\u00e9n to inaugurate a hospital and tour road works"},"content":{"rendered":"<p> <img decoding=\"async\" src=\"https:\/\/esc.org.uk\/wp-content\/uploads\/2022\/10\/The-President-arrived-in-Neuquen-to-inaugurate-a-hospital-and.jpg\" width=\"100%\" height=\"100%\" alt=\"Arrival of President Alberto Fernndez in Neuqun Photo Presidency\"\/>  Arrival of the president, Alberto Fern\u00e1ndez, in Neuqu\u00e9n.  Photo: Presidency <br \/> President Alberto Fern\u00e1ndez arrived this afternoon at the Chapelco airport, in the province of Neuqu\u00e9n, from where he will travel to <strong>visit road works and to lead the inauguration of the new Ram\u00f3n Carrillo hospital, in San Mart\u00edn de los Andes.<\/strong><\/p>\n<p>As officially reported, the Head of State <strong>was received by the Governor of Neuqu\u00e9n, Omar Guti\u00e9rrez<\/strong>,<strong> and the mayor of San Mart\u00edn de los Andes, Carlos Saloniti.<\/strong><\/p>\n<p>&#8220;Welcome to Neuqu\u00e9n @alferdez! It is an honor to welcome you back to our province to continue strengthening the path of #Teamwork. #TogetherWeCanMore,&#8221; Governor Guti\u00e9rrez posted on his Twitter account.<\/p>\n<blockquote class=\"twitter-tweet\">\n<p lang=\"es\" dir=\"ltr\">Welcome to Neuqu\u00e9n, @alferdez!  It is an honor to receive you again in our province to continue strengthening the path of #TeamWork.  #TogetherWeCanMore pic.twitter.com\/83bFC51rhU<\/p>\n<p>\u2014 Omar Gutierrez (@OmarGutierrezOk) October 11, 2022<\/p><\/blockquote>\n<p>  The new hospital that will be inaugurated <strong>required an investment of 1,117 million pesos, while the paving works of Avenida Los Lagos contemplate an investment of 223 million pesos.<\/strong><\/p>\n<p>The road works, which extend between the junction with National Route 40 and Cerro Azul street, in the Cordones de Chapelco neighborhood, will improve the road along two kilometers of gravel, and will benefit 20,000 people.<\/p>\n<p>At the end of the tour, <strong>the President will lead the central act in that province, in which he will be accompanied by the Minister of Public Works, Gabriel Katopodis, and the Secretary General of the Presidency, Julio Vitobello.<\/strong><\/p>\n<p><img decoding=\"async\" src=\"https:\/\/esc.org.uk\/wp-content\/uploads\/2022\/10\/1665506972_861_The-President-arrived-in-Neuquen-to-inaugurate-a-hospital-and.jpg\" width=\"100%\" height=\"100%\" alt=\"Albert Fernndez meets with Omar Gutirrez governor of Neuqun Photo President\"\/>  Albert Fern\u00e1ndez met with Omar Guti\u00e9rrez, Governor of Neuqu\u00e9n.  Photo: Presidency <br \/>During the ceremony, <strong>seven ambulances will be delivered<\/strong> to the provincial health system and <strong>Agreements for works will be signed for the municipality of San Mart\u00edn de los Andes.<\/strong><\/p>\n<p>The new Hospital Dr. Ram\u00f3n Carrillo will have a new building of 11,320 m2 and will become the main public health center of the so-called Sanitary Zone IV of Neuqu\u00e9n.<\/p>\n<p>It will function as a center for diagnosis, treatment, hospitalization and rehabilitation of medium complexity and will benefit 56,000 people. <\/p>\n<p><script async src=\"https:\/\/platform.twitter.com\/widgets.js\" charset=\"utf-8\"><\/script><\/p>\n","protected":false},"excerpt":{"rendered":"<p>Arrival of the president, Alberto Fern\u00e1ndez, in Neuqu\u00e9n. Photo: Presidency President Alberto Fern\u00e1ndez arrived this afternoon at the Chapelco airport, in the province of Neuqu\u00e9n, from where he will travel to visit road works and to lead the inauguration of the new Ram\u00f3n Carrillo hospital, in San Mart\u00edn de los Andes. As officially reported, the<\/p>\n","protected":false},"author":1,"featured_media":5528,"comment_status":"open","ping_status":"open","sticky":false,"template":"","format":"standard","meta":{"footnotes":""},"categories":[50],"tags":[],"class_list":{"0":"post-5527","1":"post","2":"type-post","3":"status-publish","4":"format-standard","5":"has-post-thumbnail","7":"category-news"},"_links":{"self":[{"href":"https:\/\/esc.org.uk\/index.php?rest_route=\/wp\/v2\/posts\/5527","targetHints":{"allow":["GET"]}}],"collection":[{"href":"https:\/\/esc.org.uk\/index.php?rest_route=\/wp\/v2\/posts"}],"about":[{"href":"https:\/\/esc.org.uk\/index.php?rest_route=\/wp\/v2\/types\/post"}],"author":[{"embeddable":true,"href":"https:\/\/esc.org.uk\/index.php?rest_route=\/wp\/v2\/users\/1"}],"replies":[{"embeddable":true,"href":"https:\/\/esc.org.uk\/index.php?rest_route=%2Fwp%2Fv2%2Fcomments&post=5527"}],"version-history":[{"count":0,"href":"https:\/\/esc.org.uk\/index.php?rest_route=\/wp\/v2\/posts\/5527\/revisions"}],"wp:featuredmedia":[{"embeddable":true,"href":"https:\/\/esc.org.uk\/index.php?rest_route=\/wp\/v2\/media\/5528"}],"wp:attachment":[{"href":"https:\/\/esc.org.uk\/index.php?rest_route=%2Fwp%2Fv2%2Fmedia&parent=5527"}],"wp:term":[{"taxonomy":"category","embeddable":true,"href":"https:\/\/esc.org.uk\/index.php?rest_route=%2Fwp%2Fv2%2Fcategories&post=5527"},{"taxonomy":"post_tag","embeddable":true,"href":"https:\/\/esc.org.uk\/index.php?rest_route=%2Fwp%2Fv2%2Ftags&post=5527"}],"curies":[{"name":"wp","href":"https:\/\/api.w.org\/{rel}","templated":true}]}}